[{"@context":"https:\/\/schema.org\/","@type":"Article","@id":"https:\/\/www.kinoki.sk\/vadi-vam-zima-mozete-mat-na-nu-alergiu\/#Article","mainEntityOfPage":"https:\/\/www.kinoki.sk\/vadi-vam-zima-mozete-mat-na-nu-alergiu\/","headline":"Vad\u00ed v\u00e1m zima? M\u00f4\u017eete ma\u0165 na \u0148u alergiu.","name":"Vad\u00ed v\u00e1m zima? M\u00f4\u017eete ma\u0165 na \u0148u alergiu.","description":"U \u013eud\u00ed, ktor\u00ed trpia alergiou na chlad, sta\u010d\u00ed na prejavenie pr\u00edznakov teplota okolo nula stup\u0148ov Celzia a\u00a0samozrejme ni\u017e\u0161ie. Vo v\u00fdnimo\u010dn\u00fdch pr\u00edpadoch, v\u0161ak m\u00f4\u017eete poci\u0165ova\u0165 probl\u00e9my u\u017e aj pri desiatich stup\u0148och....  <a class=\"excerpt-read-more\" href=\"https:\/\/www.kinoki.sk\/vadi-vam-zima-mozete-mat-na-nu-alergiu\/\" title=\"ReadVad\u00ed v\u00e1m zima? M\u00f4\u017eete ma\u0165 na \u0148u alergiu.\">Read more &raquo;<\/a>","datePublished":"2018-11-18","dateModified":"2018-11-18","author":{"@type":"Person","@id":"https:\/\/www.kinoki.sk\/author\/#Person","name":"","url":"https:\/\/www.kinoki.sk\/author\/","identifier":1,"image":{"@type":"ImageObject","@id":"https:\/\/secure.gravatar.com\/avatar\/ccdd701717dc93db07d73e0c11dbbb8b91524cccc3bfbd3baea83667a3ebf5d6?s=96&d=mm&r=g","url":"https:\/\/secure.gravatar.com\/avatar\/ccdd701717dc93db07d73e0c11dbbb8b91524cccc3bfbd3baea83667a3ebf5d6?s=96&d=mm&r=g","height":96,"width":96}},"publisher":{"@type":"Organization","name":"kinoki.sk","logo":{"@type":"ImageObject","@id":"\/logo.png","url":"\/logo.png","width":600,"height":60}},"image":{"@type":"ImageObject","@id":"https:\/\/www.kinoki.sk\/wp-content\/uploads\/img_a295772_w16784_t1547821109.jpg","url":"https:\/\/www.kinoki.sk\/wp-content\/uploads\/img_a295772_w16784_t1547821109.jpg","height":0,"width":0},"url":"https:\/\/www.kinoki.sk\/vadi-vam-zima-mozete-mat-na-nu-alergiu\/","wordCount":401,"articleBody":"U \u013eud\u00ed, ktor\u00ed trpia alergiou na chlad, sta\u010d\u00ed na prejavenie pr\u00edznakov teplota okolo nula stup\u0148ov Celzia a\u00a0samozrejme ni\u017e\u0161ie. Vo v\u00fdnimo\u010dn\u00fdch pr\u00edpadoch, v\u0161ak m\u00f4\u017eete poci\u0165ova\u0165 probl\u00e9my u\u017e aj pri desiatich stup\u0148och.\u00a0Medzi naj\u010dastej\u0161ie pr\u00edznaky alergiepatria opuch, za\u010dervenanie a\u00a0popraskanie ko\u017ee. na to, aby sa prejavili, sta\u010d\u00ed i\u00a0nieko\u013ekomin\u00fatov\u00fd pobyt v\u00a0chladnom prostred\u00ed. N\u00e1sledne pretrv\u00e1vaj\u00fa pribli\u017ene dve a\u017e tri hodiny. Najviac postihnut\u00e9 s\u00fa tie miesta, ktor\u00e9 s\u00fa chladu vystaven\u00e9 priamo, teda nie s\u00fa chr\u00e1nen\u00e9 oble\u010den\u00edm. Naj\u010dastej\u0161ie preto ide o\u00a0ruky, tv\u00e1r a\u00a0krk. Probl\u00e9my sa v\u0161ak m\u00f4\u017eu prejavi\u0165 aj po\u010das leta, alebo teplej\u0161\u00edch obdobiach v\u00a0roku, \u010di pri prechode z\u00a0teplej miestnosti do chladnej\u0161ieho exteri\u00e9ru.\u00a0Ak je alergia u\u00a0\u010dloveka siln\u00e1, m\u00f4\u017ee d\u00f4js\u0165 aj opuchom \u00fast, pier a\u00a0jazyka, napr\u00edklad po vypit\u00ed studenej vody, \u010di konzum\u00e1ci\u00ed nanuku. \u00a0Pokia\u013e na chladnom vzduchu \u010dastej\u0161ie k\u00fdchate, ka\u0161lete, alebo sa v\u00e1m celkovo \u0165a\u017e\u0161ie d\u00fdcha, tieto prejavy nemaj\u00fa a\u00a0alergiou na chlad ni\u010d spolo\u010dn\u00e9. M\u00f4\u017ee \u00eds\u0165 len o\u00a0precitlivenos\u0165 na studen\u00fd vzduch, alebo prejavy in\u00fdch zdravotn\u00fdch \u0165a\u017ekost\u00ed. Naj\u010dastej\u0161ie napr\u00edklad alergie na plese\u0148, alebo rozto\u010de. Sliznice, ktor\u00e9 s\u00fa v\u00a0d\u00f4sledku t\u00fdchto alergi\u00ed opuchnut\u00e9, mr\u00e1z, alebo chladn\u00fd vzduch iba podr\u00e1\u017edi, a\u00a0preto doch\u00e1dza ku ka\u0161\u013eaniu, \u010di in\u00fdm spom\u00ednan\u00fdm prejavom.\u00a0\u00a0Pokia\u013e ste sa v\u00a0predo\u0161l\u00fdch riadkoch na\u0161li, nie je na \u0161kodu nav\u0161t\u00edvi\u0165 lek\u00e1ra. Alergiu v\u00e1m potvrdia, alebo vyl\u00fa\u010dia takzvan\u00fdmi chladov\u00fdmi testami. Nejedn\u00e1 sa o\u00a0ni\u010d bolestiv\u00e9, ani extr\u00e9mne nepr\u00edjemn\u00e9. Ak by v\u00e1m bola alergia na chlad potvrden\u00e1, konkr\u00e9tna lie\u010dba z\u00e1vis\u00ed u\u017e na va\u0161om lek\u00e1rovi. Naj\u010dastej\u0161ie v\u0161ak ide o\u00a0prevent\u00edvne\u00a0u\u017e\u00edvanie antihistamin\u00edk , a\u00a0to najm\u00e4 vtedy, ke\u010f viete \u017ee budete vystaven\u00fd chladu. Medzi ostatn\u00e9 zdravotn\u00e9 opatrenia patr\u00ed hlavne pou\u017e\u00edvanie kvalitn\u00fdch kr\u00e9mov na ruky, tv\u00e1r a\u00a0krk. D\u00f4le\u017eit\u00e1 je i\u00a0ich ochrana, teda nosenie tepl\u00fdch rukav\u00edc, \u0161\u00e1lov a\u00a0v\u00a0pr\u00edpade tv\u00e1re, napr\u00edklad kukly. V\u00a0neposlednom rade, je potrebn\u00e9 sa vyhn\u00fa\u0165 prudk\u00fdm zmen\u00e1m tepl\u00f4t a\u00a0dlh\u00e9mu pobytu na chlade.                                                                                                                                                                                                                                                                                                                                                                                        4.1\/5 - (8 votes)        "},{"@context":"https:\/\/schema.org\/","@type":"BreadcrumbList","itemListElement":[{"@type":"ListItem","position":1,"name":"Vad\u00ed v\u00e1m zima? M\u00f4\u017eete ma\u0165 na \u0148u alergiu.","item":"https:\/\/www.kinoki.sk\/vadi-vam-zima-mozete-mat-na-nu-alergiu\/#breadcrumbitem"}]}]